{"id":1127,"date":"2025-06-09T09:00:00","date_gmt":"2025-06-09T15:00:00","guid":{"rendered":"https:\/\/pakalb2b.com\/?p=1127"},"modified":"2025-06-06T17:15:05","modified_gmt":"2025-06-06T23:15:05","slug":"digital-leaders-summit-llega-el-encuentro-exclusivo-de-lideres-para-impulsar-el-ecommerce-en-mexico","status":"publish","type":"post","link":"https:\/\/pakalb2b.com\/en\/2025\/06\/09\/digital-leaders-summit-llega-el-encuentro-exclusivo-de-lideres-para-impulsar-el-ecommerce-en-mexico\/","title":{"rendered":"Digital Leaders Summit: llega el encuentro exclusivo de l\u00edderes para impulsar el eCommerce en M\u00e9xico"},"content":{"rendered":"<h2 class=\"wp-block-heading\">Resumen Ejecutivo<\/h2>\n\n\n\n<ul class=\"wp-block-list\">\n<li><strong>Evento exclusivo<\/strong>: Dirigido a altos ejecutivos (C-Levels) del comercio electr\u00f3nico.<\/li>\n\n\n\n<li><strong>Fechas y lugar<\/strong>: 10 y 11 de julio de 2025 en Valle de Bravo, Estado de M\u00e9xico.<\/li>\n\n\n\n<li><strong>Objetivo principal<\/strong>: Impulsar la transformaci\u00f3n digital y la innovaci\u00f3n en el eCommerce mexicano.<\/li>\n\n\n\n<li><strong>Organizaci\u00f3n<\/strong>: Marketing<\/li>\n<\/ul>\n\n\n\n<div class=\"wp-block-columns has-border-color has-secondary-border-color is-layout-flex wp-container-core-columns-is-layout-caa0caa4 wp-block-columns-is-layout-flex\" style=\"border-width:1px;padding-top:0;padding-bottom:0\">\n<div class=\"wp-block-column is-layout-flow wp-block-column-is-layout-flow\" style=\"flex-basis:33.33%\">\n<figure class=\"wp-block-image size-large is-resized has-custom-border is-style-default wp-duotone-unset-1\" style=\"margin-left:var(--wp--preset--spacing--30)\"><a href=\"https:\/\/www.instagram.com\/soyamadeuz\/\"><img data-recalc-dims=\"1\" loading=\"lazy\" decoding=\"async\" width=\"400\" height=\"400\" data-attachment-id=\"649\" data-permalink=\"https:\/\/pakalb2b.com\/en\/2025\/03\/15\/descubre-por-que-vender-en-coppel-en-2025-puede-ser-tu-mejor-decision-de-negocio\/attachment\/1576874370758\/\" data-orig-file=\"https:\/\/i0.wp.com\/pakalb2b.com\/wp-content\/uploads\/2025\/03\/1576874370758.jpg?fit=400%2C400&amp;ssl=1\" data-orig-size=\"400,400\" data-comments-opened=\"1\" data-image-meta=\"{&quot;aperture&quot;:&quot;0&quot;,&quot;credit&quot;:&quot;&quot;,&quot;camera&quot;:&quot;&quot;,&quot;caption&quot;:&quot;&quot;,&quot;created_timestamp&quot;:&quot;0&quot;,&quot;copyright&quot;:&quot;&quot;,&quot;focal_length&quot;:&quot;0&quot;,&quot;iso&quot;:&quot;0&quot;,&quot;shutter_speed&quot;:&quot;0&quot;,&quot;title&quot;:&quot;&quot;,&quot;orientation&quot;:&quot;0&quot;}\" data-image-title=\"1576874370758\" data-image-description=\"\" data-image-caption=\"\" data-large-file=\"https:\/\/i0.wp.com\/pakalb2b.com\/wp-content\/uploads\/2025\/03\/1576874370758.jpg?fit=400%2C400&amp;ssl=1\" src=\"https:\/\/i0.wp.com\/pakalb2b.com\/wp-content\/uploads\/2025\/03\/1576874370758.jpg?resize=400%2C400&#038;ssl=1\" alt=\"\" class=\"wp-image-649\" style=\"border-radius:20px;aspect-ratio:3\/4;object-fit:contain;width:auto;height:300px\" \/><\/a><\/figure>\n<\/div>\n\n\n\n<div class=\"wp-block-column is-vertically-aligned-center is-layout-flow wp-block-column-is-layout-flow\" style=\"padding-top:var(--wp--preset--spacing--40);padding-right:var(--wp--preset--spacing--30);padding-bottom:var(--wp--preset--spacing--40);padding-left:var(--wp--preset--spacing--30);flex-basis:66.66%\">\n<h2 class=\"wp-block-heading has-medium-font-size\" style=\"padding-top:var(--wp--preset--spacing--20)\">Descubre C\u00f3mo PAKAL Puede Aumentar Tus Ventas<\/h2>\n\n\n\n<p class=\"has-x-small-font-size wp-block-paragraph\"><strong>Marketplaces<\/strong> \u2013 Optimizaci\u00f3n de listados, estrategias de PPC y crecimiento de marca para m\u00e1s ventas. <br><br><strong>Consultor\u00eda eCommerce <\/strong>\u2013 Te guiamos con estrategias personalizadas para maximizar tus ingresos en l\u00ednea<br><br><strong>Tiendas en L\u00ednea <\/strong>\u2013 Creamos y optimizamos tu tienda en Shopify.<\/p>\n\n\n\n<div class=\"wp-block-buttons is-layout-flex wp-block-buttons-is-layout-flex\" style=\"padding-bottom:var(--wp--preset--spacing--20)\">\n<div class=\"wp-block-button\"><a class=\"wp-block-button__link wp-element-button\" href=\"https:\/\/pakalb2b.com\/en\/contactanos-subscribete\/\">Contact<\/a><\/div>\n<\/div>\n<\/div>\n<\/div>\n\n\n\n<h2 class=\"wp-block-heading\">\u00bfQu\u00e9 es el Digital Leaders Summit?<\/h2>\n\n\n\n<p class=\"wp-block-paragraph\">El Digital Leaders Summit es un evento exclusivo dise\u00f1ado para altos ejecutivos y l\u00edderes del comercio electr\u00f3nico en M\u00e9xico. Su objetivo es proporcionar un espacio para compartir experiencias, discutir tendencias emergentes y establecer alianzas estrat\u00e9gicas que impulsen la transformaci\u00f3n digital en el sector.<\/p>\n\n\n\n<h2 class=\"wp-block-heading\">\u00bfPor qu\u00e9 asistir?<\/h2>\n\n\n\n<h3 class=\"wp-block-heading\">1. Conexi\u00f3n con l\u00edderes del sector<\/h3>\n\n\n\n<p class=\"wp-block-paragraph\">El evento re\u00fane a CEOs, CTOs, CMOs y otros altos directivos de marcas de venta online, ofreciendo una oportunidad \u00fanica para establecer contactos y compartir conocimientos con los principales actores del eCommerce en M\u00e9xico. <\/p>\n\n\n\n<h3 class=\"wp-block-heading\">2. Acceso a contenido exclusivo<\/h3>\n\n\n\n<p class=\"wp-block-paragraph\">Los asistentes tendr\u00e1n acceso a conferencias y paneles impartidos por expertos en \u00e1reas clave como inteligencia artificial, marketing digital, log\u00edstica y experiencia del cliente, entre otros.<\/p>\n\n\n\n<h3 class=\"wp-block-heading\">3. Oportunidades de colaboraci\u00f3n<\/h3>\n\n\n\n<p class=\"wp-block-paragraph\">El summit facilita la creaci\u00f3n de alianzas estrat\u00e9gicas y colaboraciones entre empresas, fomentando el crecimiento conjunto y la innovaci\u00f3n en el ecosistema digital.<\/p>\n\n\n\n<h2 class=\"wp-block-heading\">\u00bfQui\u00e9nes deber\u00edan asistir?<\/h2>\n\n\n\n<p class=\"wp-block-paragraph\">Este evento est\u00e1 dirigido a:<\/p>\n\n\n\n<ul class=\"wp-block-list\">\n<li><strong>CEOs y altos ejecutivos<\/strong> de empresas de comercio electr\u00f3nico.<\/li>\n\n\n\n<li><strong>Directores de \u00e1reas digitales<\/strong>, como marketing, tecnolog\u00eda y operaciones.<\/li>\n\n\n\n<li><strong>Emprendedores<\/strong> interesados en expandir su presencia digital.<\/li>\n\n\n\n<li><strong>Profesionales<\/strong> que buscan actualizarse sobre las \u00faltimas tendencias en eCommerce.<\/li>\n<\/ul>\n\n\n\n<h2 class=\"wp-block-heading\">Conclusi\u00f3n<\/h2>\n\n\n\n<p class=\"wp-block-paragraph\">El Digital Leaders Summit 2025 representa una oportunidad invaluable para los l\u00edderes del comercio electr\u00f3nico en M\u00e9xico de reunirse, aprender y colaborar en la construcci\u00f3n del futuro digital del pa\u00eds. Con un enfoque en la innovaci\u00f3n y la transformaci\u00f3n digital, este evento promete ser un hito en el calendario del eCommerce mexicano.<\/p>","protected":false},"excerpt":{"rendered":"<p>Resumen Ejecutivo Descubre C\u00f3mo PAKAL Puede Aumentar Tus Ventas Marketplaces \u2013 Optimizaci\u00f3n de listados, estrategias de PPC y crecimiento de marca para m\u00e1s ventas. Consultor\u00eda eCommerce \u2013 Te guiamos con estrategias personalizadas para maximizar tus ingresos en l\u00ednea Tiendas en L\u00ednea \u2013 Creamos y optimizamos tu tienda en Shopify. \u00bfQu\u00e9 es el Digital Leaders Summit? [&hellip;]<\/p>\n","protected":false},"author":262951992,"featured_media":1130,"comment_status":"open","ping_status":"open","sticky":false,"template":"","format":"standard","meta":{"_crdt_document":"","advanced_seo_description":"","jetpack_seo_html_title":"","jetpack_seo_noindex":false,"_wp_convertkit_post_meta":{"form":"-1","landing_page":"0","tag":"0","restrict_content":"0"},"_jetpack_newsletter_access":"","_jetpack_dont_email_post_to_subs":false,"_jetpack_newsletter_tier_id":0,"_jetpack_memberships_contains_paywalled_content":false,"_jetpack_memberships_contains_paid_content":false,"footnotes":"","jetpack_publicize_message":"","jetpack_publicize_feature_enabled":true,"jetpack_social_post_already_shared":false,"jetpack_social_options":{"image_generator_settings":{"template":"highway","default_image_id":0,"font":"","enabled":false},"version":2},"jetpack_post_was_ever_published":false},"categories":[11160,775],"tags":[52774529,783,788292436],"class_list":["post-1127","post","type-post","status-publish","format-standard","has-post-thumbnail","hentry","category-ecommerce","category-noticias","tag-donde-vender-por-internet","tag-mexico","tag-noticias"],"jetpack_publicize_connections":[],"jetpack_featured_media_url":"https:\/\/i0.wp.com\/pakalb2b.com\/wp-content\/uploads\/2025\/06\/portadas-pakal-20.png?fit=1280%2C720&ssl=1","jetpack_likes_enabled":true,"jetpack_sharing_enabled":true,"jetpack_shortlink":"https:\/\/wp.me\/pgeYSQ-ib","jetpack-related-posts":[],"_links":{"self":[{"href":"https:\/\/pakalb2b.com\/en\/wp-json\/wp\/v2\/posts\/1127","targetHints":{"allow":["GET"]}}],"collection":[{"href":"https:\/\/pakalb2b.com\/en\/wp-json\/wp\/v2\/posts"}],"about":[{"href":"https:\/\/pakalb2b.com\/en\/wp-json\/wp\/v2\/types\/post"}],"author":[{"embeddable":true,"href":"https:\/\/pakalb2b.com\/en\/wp-json\/wp\/v2\/users\/262951992"}],"replies":[{"embeddable":true,"href":"https:\/\/pakalb2b.com\/en\/wp-json\/wp\/v2\/comments?post=1127"}],"version-history":[{"count":3,"href":"https:\/\/pakalb2b.com\/en\/wp-json\/wp\/v2\/posts\/1127\/revisions"}],"predecessor-version":[{"id":1131,"href":"https:\/\/pakalb2b.com\/en\/wp-json\/wp\/v2\/posts\/1127\/revisions\/1131"}],"wp:featuredmedia":[{"embeddable":true,"href":"https:\/\/pakalb2b.com\/en\/wp-json\/wp\/v2\/media\/1130"}],"wp:attachment":[{"href":"https:\/\/pakalb2b.com\/en\/wp-json\/wp\/v2\/media?parent=1127"}],"wp:term":[{"taxonomy":"category","embeddable":true,"href":"https:\/\/pakalb2b.com\/en\/wp-json\/wp\/v2\/categories?post=1127"},{"taxonomy":"post_tag","embeddable":true,"href":"https:\/\/pakalb2b.com\/en\/wp-json\/wp\/v2\/tags?post=1127"}],"curies":[{"name":"wp","href":"https:\/\/api.w.org\/{rel}","templated":true}]}}